{"id":1282,"date":"2018-10-24T14:26:22","date_gmt":"2018-10-24T14:26:22","guid":{"rendered":"http:\/\/ecophoto.cl\/?p=1282"},"modified":"2018-10-24T14:26:30","modified_gmt":"2018-10-24T14:26:30","slug":"ruta-lafken-bitacora-del-viaje","status":"publish","type":"post","link":"http:\/\/ecophoto.cl\/?p=1282","title":{"rendered":"Ruta Lafken, Bit\u00e1cora del viaje"},"content":{"rendered":"<p style=\"text-align: center; padding-left: 60px;\">Estimados amigos de Ecophoto, tenemos el agrado de invitarlos a participar en el Overland fotogr\u00e1fico, Ruta Lafken.<\/p>\n<p>&nbsp;<\/p>\n<p style=\"text-align: center;\">Realizaremos una fascinante traves\u00eda en veh\u00edculo 4&#215;4, comenzando desde la Ciudad de Temuco, regi\u00f3n de la Araucan\u00eda y \u00a0recorriendo gran parte de nuestra hermosa costa, para luego encaminarnos en direcci\u00f3n a la regi\u00f3n de los R\u00edos, donde tendremos la oportunidad de apreciar diversos entornos costeros,\u00a0 introduci\u00e9ndonos en la inigualable Selva Valdiviana, lugar con gran potencial fotogr\u00e1fico y que mantiene hoy en d\u00eda un muy bajo impacto del ser humano, lo que permite contemplar excepcionales escenarios de la naturaleza.<\/p>\n<p>&nbsp;<\/p>\n<p style=\"text-align: center;\">El alojamiento ser\u00e1 en caba\u00f1as compartidas (2 noches) establecidas junto al mar, con ducha de agua caliente y modalidad media pensi\u00f3n, con el fin de tener m\u00e1s oportunidades de recorrer, fotografiar grandes paisajes y quien sabe!&#8230; Si la suerte nos acompa\u00f1a, apreciar fauna end\u00e9mica de dif\u00edcil avistamiento!<\/p>\n<p style=\"text-align: center;\"><a href=\"http:\/\/ecophoto.cl\/wp-content\/uploads\/2018\/10\/DSC_92934.jpg\"><img loading=\"lazy\" class=\" wp-image-1265 aligncenter\" src=\"http:\/\/ecophoto.cl\/wp-content\/uploads\/2018\/10\/DSC_92934.jpg\" alt=\"\" width=\"733\" height=\"821\" \/><\/a><\/p>\n<p style=\"text-align: center;\"><strong>Itinerario<\/strong><\/p>\n<p style=\"text-align: center;\">D\u00eda 1\u00a0 (150km 2 Hr a prox)<\/p>\n<p style=\"text-align: center;\">&#8211; Temuco &#8211; Queule<br \/>\n&#8211; Queule &#8211; Mehu\u00edn<\/p>\n<p style=\"text-align: center;\">D\u00eda 2\u00a0 (+120km Aprox\u00a0\u00a0 3 hr)<\/p>\n<p style=\"text-align: center;\">&#8211; Mehuin &#8211; Niebla<\/p>\n<p style=\"text-align: center;\">&#8211; Niebla &#8211; Corral<br \/>\n&#8211; Corral &#8211; Chaihuin<\/p>\n<p style=\"text-align: center;\">D\u00eda 3\u00a0 (+ 300km Aprox\u00a0\u00a0 3 hr)<\/p>\n<p style=\"text-align: center; padding-left: 30px;\">\u00a0Chaihuin- Corral<br \/>\n&#8211; Corral &#8211; Temuco.<\/p>\n<p style=\"text-align: center;\"><\/p>\n<p style=\"text-align: center;\"><strong>Pasajeros sin veh\u00edculo.<\/strong><\/p>\n<p style=\"text-align: center;\">Los pasajeros ser\u00e1n transportados por los veh\u00edculos oficiales de Ecophoto, Jeep Wrangler Jk 4&#215;4, los pasajeros deber\u00e1n llevar consigo los siguientes elementos:<\/p>\n<p style=\"text-align: center;\">&#8211; Vestuario acuerdo a la actividad y los d\u00edas, no llevar ropa en exceso.<br \/>\n&#8211; \u00datiles de aseo personal y toalla.<br \/>\n&#8211; Saco de dormir.<br \/>\n&#8211; Cantimplora.<br \/>\n&#8211; Equipamiento fotogr\u00e1fico.<\/p>\n<p><a href=\"http:\/\/ecophoto.cl\/wp-content\/uploads\/2018\/10\/DSC_4086.jpg\"><img loading=\"lazy\" class=\" wp-image-1266 aligncenter\" src=\"http:\/\/ecophoto.cl\/wp-content\/uploads\/2018\/10\/DSC_4086.jpg\" alt=\"\" width=\"821\" height=\"548\" srcset=\"http:\/\/ecophoto.cl\/wp-content\/uploads\/2018\/10\/DSC_4086.jpg 1200w, http:\/\/ecophoto.cl\/wp-content\/uploads\/2018\/10\/DSC_4086-600x401.jpg 600w\" sizes=\"(max-width: 821px) 100vw, 821px\" \/><\/a><\/p>\n<p style=\"text-align: center;\"><strong>Overlander con veh\u00edculo propio.<\/strong><\/p>\n<p style=\"text-align: center;\">El desarrollo de la actividad como Overlander es decir, el pasajero lleva y conduce su propio veh\u00edculo de traves\u00eda, el servicio incluye: Desayuno, alojamientos, log\u00edstica, charlas, guiado de fotograf\u00eda y registro de fotograf\u00eda sociales.<br \/>\nLos propios Overlander deber\u00e1n costear por su cuenta todos los servicios extras a la actividad es decir, costo de su combustible, costo de peajes autopistas, comidas y bebidas extras al programa.<\/p>\n<p><a href=\"http:\/\/ecophoto.cl\/wp-content\/uploads\/2018\/10\/DSC_4491.jpg\"><img loading=\"lazy\" class=\" wp-image-1267 aligncenter\" src=\"http:\/\/ecophoto.cl\/wp-content\/uploads\/2018\/10\/DSC_4491.jpg\" alt=\"\" width=\"807\" height=\"539\" srcset=\"http:\/\/ecophoto.cl\/wp-content\/uploads\/2018\/10\/DSC_4491.jpg 1200w, http:\/\/ecophoto.cl\/wp-content\/uploads\/2018\/10\/DSC_4491-600x401.jpg 600w\" sizes=\"(max-width: 807px) 100vw, 807px\" \/><\/a><\/p>\n<p style=\"text-align: center;\"><strong>Requisitos del veh\u00edculo de traves\u00eda:<\/strong><\/p>\n<p style=\"text-align: center;\">&#8211; Veh\u00edculo 4&#215;4 con reductora recomendablemente.<br \/>\n&#8211; Veh\u00edculo en buen estado mec\u00e1nico, con su rueda de repuesto, gata, extintor y botiqu\u00edn.<br \/>\n&#8211; Veh\u00edculo con papeles al d\u00eda, permiso de circulaci\u00f3n, Revisi\u00f3n t\u00e9cnica y seguro obligatorio.<br \/>\n&#8211; Radio VHF\/ UHF port\u00e1til valor aprox en el mercado $30.000.-<\/p>\n<p style=\"text-align: center;\">Los conductores deben obedecer y seguir las reglas del Overland responsable.<br \/>\n<a href=\" http:\/\/ecophoto.cl\/?page_id=1149\"><img loading=\"lazy\" class=\"wp-image-1157 aligncenter\" src=\"http:\/\/ecophoto.cl\/wp-content\/uploads\/2018\/09\/DSC_9024-2.png\" alt=\"\" width=\"322\" height=\"201\" srcset=\"http:\/\/ecophoto.cl\/wp-content\/uploads\/2018\/09\/DSC_9024-2.png 1200w, http:\/\/ecophoto.cl\/wp-content\/uploads\/2018\/09\/DSC_9024-2-600x376.png 600w, http:\/\/ecophoto.cl\/wp-content\/uploads\/2018\/09\/DSC_9024-2-300x188.png 300w, http:\/\/ecophoto.cl\/wp-content\/uploads\/2018\/09\/DSC_9024-2-768x481.png 768w, http:\/\/ecophoto.cl\/wp-content\/uploads\/2018\/09\/DSC_9024-2-1024x641.png 1024w, http:\/\/ecophoto.cl\/wp-content\/uploads\/2018\/09\/DSC_9024-2-416x260.png 416w\" sizes=\"(max-width: 322px) 100vw, 322px\" \/><\/a><\/p>\n<p style=\"text-align: center;\">Ecophoto no se hace responsable de da\u00f1os por mal uso de su veh\u00edculo y da\u00f1os en caso de accidente durante la actividad.<br \/>\nCada conductor es responsable de su veh\u00edculo durante la actividad.<\/p>\n<p style=\"text-align: center;\">El itinerario puede variar y verse modificado debido a:<\/p>\n<p style=\"text-align: center;\">&#8211; Malas condiciones del camino.<br \/>\n&#8211; Condiciones meteorol\u00f3gicas adversas.<br \/>\n&#8211; En caso,\u00a0 de alg\u00fan pasajero, que sufra un accidente o tenga problemas de salud.<\/p>\n<p>Si tienes dudas o consultas, puedes contactarnos por el siguiente formulario:<\/p>\n<p style=\"text-align: center;\"><div role=\"form\" class=\"wpcf7\" id=\"wpcf7-f962-o1\" lang=\"es-ES\" dir=\"ltr\">\n<div class=\"screen-reader-response\"><p role=\"status\" aria-live=\"polite\" aria-atomic=\"true\"><\/p> <ul><\/ul><\/div>\n<form action=\"\/index.php?rest_route=%2Fwp%2Fv2%2Fposts%2F1282#wpcf7-f962-o1\" method=\"post\" class=\"wpcf7-form init\" novalidate=\"novalidate\" data-status=\"init\">\n<div style=\"display: none;\">\n<input type=\"hidden\" name=\"_wpcf7\" value=\"962\" \/>\n<input type=\"hidden\" name=\"_wpcf7_version\" value=\"5.5.6\" \/>\n<input type=\"hidden\" name=\"_wpcf7_locale\" value=\"es_ES\" \/>\n<input type=\"hidden\" name=\"_wpcf7_unit_tag\" value=\"wpcf7-f962-o1\" \/>\n<input type=\"hidden\" name=\"_wpcf7_container_post\" value=\"0\" \/>\n<input type=\"hidden\" name=\"_wpcf7_posted_data_hash\" value=\"\" \/>\n<\/div>\n<p><label> Tu nombre (requerido)<br \/>\n    <span class=\"wpcf7-form-control-wrap your-name\"><input type=\"text\" name=\"your-name\" value=\"\" size=\"40\" class=\"wpcf7-form-control wpcf7-text wpcf7-validates-as-required\" aria-required=\"true\" aria-invalid=\"false\" \/><\/span> <\/label><\/p>\n<p><label> Tu correo electr\u00f3nico (requerido)<br \/>\n    <span class=\"wpcf7-form-control-wrap your-email\"><input type=\"email\" name=\"your-email\" value=\"\" size=\"40\" class=\"wpcf7-form-control wpcf7-text wpcf7-email wpcf7-validates-as-required wpcf7-validates-as-email\" aria-required=\"true\" aria-invalid=\"false\" \/><\/span> <\/label><\/p>\n<p><label> Asunto<br \/>\n    <span class=\"wpcf7-form-control-wrap your-subject\"><input type=\"text\" name=\"your-subject\" value=\"\" size=\"40\" class=\"wpcf7-form-control wpcf7-text\" aria-invalid=\"false\" \/><\/span> <\/label><\/p>\n<p><label> Tu mensaje<br \/>\n    <span class=\"wpcf7-form-control-wrap your-message\"><textarea name=\"your-message\" cols=\"40\" rows=\"10\" class=\"wpcf7-form-control wpcf7-textarea\" aria-invalid=\"false\"><\/textarea><\/span> <\/label><\/p>\n<p><input type=\"submit\" value=\"Enviar\" class=\"wpcf7-form-control has-spinner wpcf7-submit\" \/><\/p>\n<div class=\"wpcf7-response-output\" aria-hidden=\"true\"><\/div><\/form><\/div><\/p>\n<p style=\"text-align: center;\"><strong>Bit\u00e1cora de viaje 13,14 y 15 de oct.<\/strong><\/p>\n<div style=\"width:100%\"><div class=\"wd_error\"><p><strong>No hay una galer\u00eda seleccionada o la galer\u00eda se ha eliminado.<\/strong><\/p><\/div><\/div>\n","protected":false},"excerpt":{"rendered":"<p>Estimados amigos de Ecophoto, tenemos el agrado de invitarlos a participar en el Overland fotogr\u00e1fico, Ruta Lafken. &nbsp; Realizaremos una fascinante traves\u00eda en veh\u00edculo 4&#215;4, comenzando desde la Ciudad de Temuco, regi\u00f3n de la Araucan\u00eda y \u00a0recorriendo gran parte de nuestra hermosa costa, para luego &hellip; <\/p>\n","protected":false},"author":2,"featured_media":0,"comment_status":"open","ping_status":"open","sticky":false,"template":"","format":"standard","meta":[],"categories":[1],"tags":[],"_links":{"self":[{"href":"http:\/\/ecophoto.cl\/index.php?rest_route=\/wp\/v2\/posts\/1282"}],"collection":[{"href":"http:\/\/ecophoto.cl\/index.php?rest_route=\/wp\/v2\/posts"}],"about":[{"href":"http:\/\/ecophoto.cl\/index.php?rest_route=\/wp\/v2\/types\/post"}],"author":[{"embeddable":true,"href":"http:\/\/ecophoto.cl\/index.php?rest_route=\/wp\/v2\/users\/2"}],"replies":[{"embeddable":true,"href":"http:\/\/ecophoto.cl\/index.php?rest_route=%2Fwp%2Fv2%2Fcomments&post=1282"}],"version-history":[{"count":2,"href":"http:\/\/ecophoto.cl\/index.php?rest_route=\/wp\/v2\/posts\/1282\/revisions"}],"predecessor-version":[{"id":1284,"href":"http:\/\/ecophoto.cl\/index.php?rest_route=\/wp\/v2\/posts\/1282\/revisions\/1284"}],"wp:attachment":[{"href":"http:\/\/ecophoto.cl\/index.php?rest_route=%2Fwp%2Fv2%2Fmedia&parent=1282"}],"wp:term":[{"taxonomy":"category","embeddable":true,"href":"http:\/\/ecophoto.cl\/index.php?rest_route=%2Fwp%2Fv2%2Fcategories&post=1282"},{"taxonomy":"post_tag","embeddable":true,"href":"http:\/\/ecophoto.cl\/index.php?rest_route=%2Fwp%2Fv2%2Ftags&post=1282"}],"curies":[{"name":"wp","href":"https:\/\/api.w.org\/{rel}","templated":true}]}}