{"id":1771,"global_id":"ecophoto.cl?id=1771","global_id_lineage":["ecophoto.cl?id=1771"],"author":"2","status":"publish","date":"2019-03-07 15:38:41","date_utc":"2019-03-07 15:38:41","modified":"2019-03-12 13:38:30","modified_utc":"2019-03-12 13:38:30","url":"http:\/\/ecophoto.cl\/?tribe_events=noche-estrellada-taller-de-fotografia-nocturna","rest_url":"http:\/\/ecophoto.cl\/index.php?rest_route=\/tribe\/events\/v1\/events\/1771","title":"Noche estrellada, Taller de fotografi\u00e1 nocturna.","description":"<p>&nbsp;<\/p>\n<h1 style=\"text-align: center;\"><strong>TALLER INTENSIVO DE FOTOGRAF\u00cdA NOCTURNA.<\/strong><\/h1>\n<h2 style=\"text-align: center;\">S\u00e1cale el m\u00e1ximo partido a tu c\u00e1mara, en un completo taller de fotograf\u00eda Nocturna &#8211; intensivo.<\/h2>\n<p style=\"text-align: center;\">En este taller podr\u00e1s descubrir el mundo de la fotograf\u00eda nocturna y larga exposici\u00f3n. Aprenderemos los principios te\u00f3rico\/pr\u00e1cticos de este hermoso arte; podr\u00e1s explorar las m\u00faltiples posibilidades de tu c\u00e1mara, desde la configuraci\u00f3n de tu c\u00e1mara, a realizar grandes paisajes junto a las estrellas!<\/p>\n<p style=\"text-align: center;\">Temario:<\/p>\n<p style=\"text-align: center;\">&#8211; Primeros pasos y equipamiento.<br \/>\n&#8211; Descubriendo el mundo de la noche<br \/>\n&#8211; Configuraci\u00f3n de la c\u00e1mara.<br \/>\n&#8211; Tipos de luz<br \/>\n&#8211; Exposici\u00f3n lunas y estrellas.<br \/>\n&#8211; Trazado de estrellas.<br \/>\n&#8211; V\u00eda L\u00e1ctea.<br \/>\n&#8211; Nubes y viento.<br \/>\n&#8211; Contaminaci\u00f3n lum\u00ednica.<\/p>\n<p style=\"text-align: center;\">Nivel de dificultad: B\u00e1sico.<br \/>\nEs clave saber y utilizar los conceptos b\u00e1sicos de la fotograf\u00eda, como diafragma, velocidades de obturaci\u00f3n, el ISO entre otras cosas.<br \/>\nRequisitos de equipo: C\u00e1mara digital R\u00e9flex o compacta con modos manuales, tr\u00edpode y disparador remoto y linterna frontal.<\/p>\n<h2 style=\"text-align: center;\"><strong><br \/>\nItinerario:<\/strong><\/h2>\n<p style=\"text-align: center;\"><strong>Jueves 4 de Abril.<\/strong><\/p>\n<p style=\"text-align: center;\">&#8211; 18:00 Clase Te\u00f3rica.<br \/>\n&#8211; 20:00 Coffy y Termino de clases.<\/p>\n<p style=\"text-align: center;\"><strong>S\u00e1bado 6 de Abril.<\/strong><\/p>\n<p style=\"text-align: center;\">&#8211; 15:00 Salida desde Temuco<br \/>\n&#8211; 17:00 llegada al PN Conguill\u00edo.<br \/>\n&#8211; 17:30 Armado de campamento.<br \/>\n&#8211; 19:00 B\u00fasqueda compositiva fotograf\u00eda de atardecer.<br \/>\n&#8211; 21:00 Cena<br \/>\n&#8211; 22:30 Fotograf\u00eda Nocturna<br \/>\n&#8211; 12:00 a 01:00 a dormir.<\/p>\n<p style=\"text-align: center;\"><strong>Domingo 7<br \/>\n<\/strong><br \/>\n&#8211; 9:00 Desayuno y desarmar campamento<br \/>\n&#8211; 10:00 Trekking Fotogr\u00e1fico Sierra nevada.<br \/>\n&#8211; 16:00 Regreso a Temuco<br \/>\n&#8211; 18:00 llegada a Temuco.<\/p>\n<p style=\"text-align: center;\">Datos t\u00e9cnicos<\/p>\n<p style=\"text-align: center;\">Dificultad\u00a0\u00a0 \u00a0\u00a0\u00a0\u00a0\u00a0\u00a0\u00a0\u00a0\u00a0\u00a0\u00a0\u00a0\u00a0\u00a0\u00a0\u00a0\u00a0\u00a0\u00a0\u00a0\u00a0f\u00e1cil a Media.<br \/>\nAltitud m\u00e1xima\u00a0\u00a0\u00a0\u00a0\u00a0\u00a0\u00a0\u00a0\u00a0\u00a0\u00a0\u00a0\u00a0\u00a0 1.691 m.s.n.m.a<br \/>\nTemperatura Aprox\u00a0\u00a0\u00a0\u00a0\u00a0\u00a0\u00a0\u00a0 20\u00bac \/ -0\u00ba<\/p>\n<p style=\"text-align: center;\">Horas de Trekking\u00a0\u00a0\u00a0\u00a0\u00a0\u00a0\u00a0\u00a0\u00a0\u00a0 5 hr total.<\/p>\n<p style=\"text-align: center;\">Equipamiento recomendado<\/p>\n<p style=\"text-align: center;\">&#8211; Zapato de Trekking, ca\u00f1a alta, impermeable!<br \/>\n&#8211; Vestuario por capas:<br \/>\n&#8211; Primera capas: Lana merino, Poli\u00e9ster o Polipropileno (camisetas)<br \/>\n&#8211; Segunda capa: Pantal\u00f3n de trekking , sofshell o polar.<\/p>\n<p style=\"text-align: center;\">&#8211; Tercera capa: Chaqueta impermeable, Chaqueta de Pluma o sint\u00e9tica.<br \/>\n&#8211; Gorro de abrigo<br \/>\n&#8211; Gorro de Sol<br \/>\n&#8211; Guantes<\/p>\n<p style=\"text-align: center;\">&#8211; Lentes<br \/>\n&#8211; Bloqueador solar<br \/>\n&#8211; Linterna frontal.<\/p>\n<p style=\"text-align: center;\">Equipamiento fotogr\u00e1fico recomendado:<\/p>\n<p style=\"text-align: center;\">&#8211; C\u00e1mara r\u00e9flex o compacta.<br \/>\n&#8211; Lentes Angular y teleobjetivo medio<br \/>\n&#8211; Tr\u00edpode<br \/>\n&#8211; Filtros (polarizador, ND, NDG)<br \/>\n&#8211; Accesorios (Bater\u00edas, Tarjetas, cable disparador, control remoto Etc. )<br \/>\n&#8211; Mochila.<\/p>\n<p style=\"text-align: center;\"><strong>Valor:<\/strong> <strong>$80.000 P\/p<\/strong><\/p>\n<p style=\"text-align: center;\">Incluye:<\/p>\n<p style=\"text-align: center;\">&#8211; D\u00eda 1: Cena: Picoteo y Pastas salsa Pesto.<br \/>\n&#8211; Jugos y bebidas.<br \/>\n&#8211; D\u00eda 2: Desayuno: cereal y yogurt , Pan Jam\u00f3n, queso Te y caf\u00e9.<br \/>\n&#8211; Snack y raci\u00f3n de marcha ( 2 Barra de cereal, fruta, S\u00e1ndwich, jugo deportivo)<\/p>\n<p style=\"text-align: center;\">&#8211; Alojamiento en carpa ( incluye carpa y colchoneta opcional)<br \/>\n&#8211; Ba\u00f1o camping<br \/>\n&#8211; Gu\u00eda de Turismo y fot\u00f3grafo.<\/p>\n<p style=\"text-align: center;\"><strong>No incluye.<\/strong><\/p>\n<p style=\"text-align: center;\">&#8211; Seguros contra accidentes.<br \/>\n&#8211; Saco de dormir.<br \/>\n-Equipamiento extra a la actividad.<br \/>\n&#8211; Toallas ni \u00fatiles personales.<br \/>\n&#8211; Comidas extras a la actividad.<\/p>\n<p style=\"text-align: center;\">Nota: El evento puede verse modificado por condiciones de fuerza mayor o clim\u00e1ticas.<\/p>","excerpt":"","slug":"noche-estrellada-taller-de-fotografia-nocturna","image":{"url":"http:\/\/ecophoto.cl\/wp-content\/uploads\/2019\/03\/DSC_1343.jpg","id":1787,"extension":"jpg","width":1200,"height":1200,"sizes":{"woocommerce_thumbnail":{"width":300,"height":375,"mime-type":"image\/jpeg","uncropped":false,"url":"http:\/\/ecophoto.cl\/wp-content\/uploads\/2019\/03\/DSC_1343-300x375.jpg"},"woocommerce_gallery_thumbnail":{"width":100,"height":100,"mime-type":"image\/jpeg","url":"http:\/\/ecophoto.cl\/wp-content\/uploads\/2019\/03\/DSC_1343-100x100.jpg"},"woocommerce_single":{"width":600,"height":600,"mime-type":"image\/jpeg","url":"http:\/\/ecophoto.cl\/wp-content\/uploads\/2019\/03\/DSC_1343-600x600.jpg"}}},"all_day":false,"start_date":"2019-04-04 08:00:00","start_date_details":{"year":"2019","month":"04","day":"04","hour":"08","minutes":"00","seconds":"00"},"end_date":"2019-04-07 17:00:00","end_date_details":{"year":"2019","month":"04","day":"07","hour":"17","minutes":"00","seconds":"00"},"utc_start_date":"2019-04-04 08:00:00","utc_start_date_details":{"year":"2019","month":"04","day":"04","hour":"08","minutes":"00","seconds":"00"},"utc_end_date":"2019-04-07 17:00:00","utc_end_date_details":{"year":"2019","month":"04","day":"07","hour":"17","minutes":"00","seconds":"00"},"timezone":"UTC+0","timezone_abbr":"UTC+0","cost":"$80.000","cost_details":{"currency_symbol":"$","currency_code":"","currency_position":"prefix","values":["80000"]},"website":"","show_map":true,"show_map_link":true,"hide_from_listings":false,"sticky":false,"featured":false,"categories":[],"tags":[],"venue":{"id":1309,"author":"2","status":"publish","date":"2018-11-22 17:25:58","date_utc":"2018-11-22 17:25:58","modified":"2018-11-23 13:56:58","modified_utc":"2018-11-23 13:56:58","url":"http:\/\/ecophoto.cl\/?tribe_venue=sur-talent","venue":"Sur Talent","slug":"sur-talent","address":"Patricio Lynch 147","city":"Temuco.","country":"Chile","phone":"+56 9 3017 5831","website":"http:\/\/www.surtalent.cl","json_ld":{"@type":"Place","name":"Sur Talent","description":"","url":"","address":{"@type":"PostalAddress","streetAddress":"Patricio Lynch 147","addressLocality":"Temuco.","addressCountry":"Chile"},"telephone":"+56 9 3017 5831","sameAs":"http:\/\/www.surtalent.cl"},"show_map":true,"show_map_link":true,"global_id":"ecophoto.cl?id=1309","global_id_lineage":["ecophoto.cl?id=1309"]},"organizer":[],"json_ld":{"@context":"http:\/\/schema.org","@type":"Event","name":"Noche estrellada, Taller de fotografi\u00e1 nocturna.","description":"&lt;p&gt;&nbsp; TALLER INTENSIVO DE FOTOGRAF\u00cdA NOCTURNA. S\u00e1cale el m\u00e1ximo partido a tu c\u00e1mara, en un completo taller de fotograf\u00eda Nocturna - intensivo. En este taller podr\u00e1s descubrir el mundo de la fotograf\u00eda nocturna y larga exposici\u00f3n. Aprenderemos los principios te\u00f3rico\/pr\u00e1cticos de este hermoso arte; podr\u00e1s &hellip; &lt;\/p&gt;\\n","image":"http:\/\/ecophoto.cl\/wp-content\/uploads\/2019\/03\/DSC_1343.jpg","url":"http:\/\/ecophoto.cl\/?tribe_events=noche-estrellada-taller-de-fotografia-nocturna","eventAttendanceMode":"https:\/\/schema.org\/OfflineEventAttendanceMode","eventStatus":"https:\/\/schema.org\/EventScheduled","startDate":"2019-04-04T08:00:00+00:00","endDate":"2019-04-07T17:00:00+00:00","location":{"@type":"Place","name":"Sur Talent","description":"","url":"","address":{"@type":"PostalAddress","streetAddress":"Patricio Lynch 147","addressLocality":"Temuco.","addressCountry":"Chile"},"telephone":"+56 9 3017 5831","sameAs":"http:\/\/www.surtalent.cl"},"offers":{"@type":"Offer","price":"80.000","priceCurrency":"USD","url":"http:\/\/ecophoto.cl\/?tribe_events=noche-estrellada-taller-de-fotografia-nocturna","category":"primary","availability":"inStock","validFrom":"1970-01-01T00:00:00+00:00"},"performer":"Organization"}}