{"id":1347,"global_id":"ecophoto.cl?id=1347","global_id_lineage":["ecophoto.cl?id=1347"],"author":"2","status":"publish","date":"2018-12-09 14:50:37","date_utc":"2018-12-09 14:50:37","modified":"2019-01-18 13:33:23","modified_utc":"2019-01-18 13:33:23","url":"http:\/\/ecophoto.cl\/?tribe_events=overland-fotografico-ruta-pehuen","rest_url":"http:\/\/ecophoto.cl\/index.php?rest_route=\/tribe\/events\/v1\/events\/1347","title":"Overland fotogr\u00e1fico, Ruta Pehu\u00e9n Oto\u00f1al","description":"<h1 style=\"text-align: center;\"><\/h1>\n<h1>Estimados amigos de Ecophoto, tenemos el agrado de invitarlos a participar en el Overland fotogr\u00e1fico, Ruta Pehu\u00e9n Oto\u00f1al 2019<\/h1>\n<p style=\"text-align: center;\"><a href=\"http:\/\/ecophoto.cl\/wp-content\/uploads\/2018\/12\/DSC_9275.jpg\"><img loading=\"lazy\" class=\" wp-image-1331 aligncenter\" src=\"http:\/\/ecophoto.cl\/wp-content\/uploads\/2018\/12\/DSC_9275.jpg\" alt=\"\" width=\"598\" height=\"407\" \/><\/a><\/p>\n<p style=\"text-align: center;\">Realizaremos una fascinante traves\u00eda en veh\u00edculo 4\u00d74, comenzando desde la localidad de Temuco, regi\u00f3n de la Araucan\u00eda y recorriendo gran parte del coraz\u00f3n de la Araucan\u00eda Andina, donde tendremos la oportunidad de apreciar diversos entornos como la Reserva Natural Las Nalcas, el Volc\u00e1n Lonquimay y el Volc\u00e1n Tohuaca; Posteriormente, visitaremos el hermoso velo de la Novia, para seguir nuestra traves\u00eda hacia el Parque Nacional Conguill\u00edo, donde podremos apreciar el Volc\u00e1n Llaima y sus hermosos bosques de Araucaria, Coihue y otras especies nativas.<\/p>\n<p style=\"text-align: center;\"><a href=\"http:\/\/ecophoto.cl\/wp-content\/uploads\/2018\/12\/DSC_9633.jpg\"><img loading=\"lazy\" class=\" wp-image-1332 aligncenter\" src=\"http:\/\/ecophoto.cl\/wp-content\/uploads\/2018\/12\/DSC_9633.jpg\" alt=\"\" width=\"594\" height=\"382\" \/><\/a><\/p>\n<p style=\"text-align: center;\">Al d\u00eda siguiente, durante la ma\u00f1ana visitaremos distintos sectores atractivos del Parque Nacional Conguill\u00edo, para luego continuar a la localidad de Icalma, donde tendremos una tarde libre para poder disfrutar la zona de campamento. Durante la puesta de sol nos aventuraremos a la cumbre del Volc\u00e1n Batea Mahuida! Apreciando su gran vista a los volcanes de la zona!<\/p>\n<p style=\"text-align: center;\"><a href=\"http:\/\/ecophoto.cl\/wp-content\/uploads\/2018\/12\/DSC_0651.jpg\"><img loading=\"lazy\" class=\"wp-image-1330 aligncenter\" src=\"http:\/\/ecophoto.cl\/wp-content\/uploads\/2018\/12\/DSC_0651.jpg\" alt=\"\" width=\"612\" height=\"390\" \/><\/a><\/p>\n<p style=\"text-align: center;\">El tercer d\u00eda realizaremos una traves\u00eda 4&#215;4 por el interior de la Reserva Natural Villarrica, la cual tendr\u00e1 caminos con vadeos de peque\u00f1os r\u00edos, algo de barro y por supuesto paisajes de ensue\u00f1o!!<br \/>\nLlegaremos a la zona Lacustre donde, para finalizar el d\u00eda y la actividad, visitaremos el Volc\u00e1n Villarrica para apreciar su gran vista y por supuesto realizar una fotograf\u00eda grupal de todos los aventureros!!<\/p>\n<p style=\"text-align: center;\"><a href=\"http:\/\/ecophoto.cl\/wp-content\/uploads\/2018\/12\/DSC_9979.jpg\"><img loading=\"lazy\" class=\"wp-image-1335 aligncenter\" src=\"http:\/\/ecophoto.cl\/wp-content\/uploads\/2018\/12\/DSC_9979.jpg\" alt=\"\" width=\"618\" height=\"408\" \/><\/a><\/p>\n<h3 style=\"text-align: center;\"><strong>Itinerario<br \/>\n<\/strong><\/h3>\n<p style=\"text-align: center;\">D\u00eda 1 (114 km 4 Hr a prox)<br \/>\n\u2013 Curacaut\u00edn \u2013 RN Las Nalcas &#8211; PN Conguill\u00edo.<\/p>\n<p style=\"text-align: center;\">D\u00eda 2 (+117km Aprox 4 hr)<br \/>\n\u2013 Conguill\u00edo \u2013 Icalma \u2013 Volc\u00e1n Batea Mahuida.<\/p>\n<p style=\"text-align: center;\">D\u00eda 3 (220km Aprox 3 hr)<br \/>\n&#8211; Icalma \u2013 Curarrehue<br \/>\n\u2013 Puc\u00f3n<\/p>\n<h3 style=\"text-align: center;\"><strong>Pasajeros sin veh\u00edculo.<\/strong><\/h3>\n<p style=\"text-align: center;\">Los pasajeros ser\u00e1n transportados por los veh\u00edculos oficiales de Ecophoto, Jeep Wrangler Jk 4&#215;4, los pasajeros deber\u00e1n llevar consigo los siguientes elementos:<\/p>\n<p style=\"text-align: center;\">&#8211; Vestuario acuerdo a la actividad y los d\u00edas, no llevar ropa en exceso.<br \/>\n&#8211; \u00datiles de aseo personal y toalla.<br \/>\n&#8211; Saco de dormir.<br \/>\n&#8211; Cantimplora.<br \/>\n&#8211; Equipamiento fotogr\u00e1fico.<\/p>\n<p><a href=\"http:\/\/ecophoto.cl\/wp-content\/uploads\/2018\/12\/DSC_3614.jpg\"><img loading=\"lazy\" class=\" wp-image-1340 aligncenter\" src=\"http:\/\/ecophoto.cl\/wp-content\/uploads\/2018\/12\/DSC_3614.jpg\" alt=\"\" width=\"651\" height=\"414\" \/><\/a><\/p>\n<h3 style=\"text-align: center;\">Overlander con veh\u00edculo propio.<\/h3>\n<p style=\"text-align: center;\">El desarrollo de la actividad como Overlander es decir, el pasajero lleva y conduce su propio veh\u00edculo de traves\u00eda, el servicio incluye: Desayuno, alojamientos, log\u00edstica, charlas, guiado de fotograf\u00eda y registro de fotograf\u00eda sociales.<br \/>\nLos propios Overlander deber\u00e1n costear por su cuenta todos los servicios extras a la actividad es decir, costo de su combustible, costo de peajes autopistas, comidas y bebidas extras al programa.<\/p>\n<p style=\"text-align: center;\"><a href=\"http:\/\/ecophoto.cl\/wp-content\/uploads\/2018\/12\/50031953_2108113559273072_4822695524001906688_n.jpg\"><img loading=\"lazy\" class=\"alignnone size-full wp-image-1365\" src=\"http:\/\/ecophoto.cl\/wp-content\/uploads\/2018\/12\/50031953_2108113559273072_4822695524001906688_n.jpg\" alt=\"\" width=\"960\" height=\"640\" srcset=\"http:\/\/ecophoto.cl\/wp-content\/uploads\/2018\/12\/50031953_2108113559273072_4822695524001906688_n.jpg 960w, http:\/\/ecophoto.cl\/wp-content\/uploads\/2018\/12\/50031953_2108113559273072_4822695524001906688_n-600x400.jpg 600w\" sizes=\"(max-width: 960px) 100vw, 960px\" \/><\/a><\/p>\n<h3 style=\"text-align: center;\"><strong>Requisitos del veh\u00edculo de traves\u00eda:<\/strong><\/h3>\n<p style=\"text-align: center;\">&#8211; Veh\u00edculo 4&#215;4 con reductora recomendablemente y buen despeje.<br \/>\n&#8211; Veh\u00edculo en buen estado mec\u00e1nico, con su rueda de repuesto, gata, extintor y botiqu\u00edn.<br \/>\n&#8211; Veh\u00edculo con papeles al d\u00eda, permiso de circulaci\u00f3n, Revisi\u00f3n t\u00e9cnica y seguro obligatorio.<br \/>\n&#8211; Radio VHF\/ UHF port\u00e1til valor aprox en el mercado $30.000.-<\/p>\n<h1 style=\"text-align: center;\">Los conductores deben obedecer y seguir las reglas del Overland responsable. (Clic en el pajarito)<br \/>\n<a href=\" http:\/\/ecophoto.cl\/?page_id=1149\"><img loading=\"lazy\" class=\"wp-image-1157 aligncenter\" src=\"http:\/\/ecophoto.cl\/wp-content\/uploads\/2018\/09\/DSC_9024-2.png\" alt=\"\" width=\"322\" height=\"201\" srcset=\"http:\/\/ecophoto.cl\/wp-content\/uploads\/2018\/09\/DSC_9024-2.png 1200w, http:\/\/ecophoto.cl\/wp-content\/uploads\/2018\/09\/DSC_9024-2-600x376.png 600w, http:\/\/ecophoto.cl\/wp-content\/uploads\/2018\/09\/DSC_9024-2-300x188.png 300w, http:\/\/ecophoto.cl\/wp-content\/uploads\/2018\/09\/DSC_9024-2-768x481.png 768w, http:\/\/ecophoto.cl\/wp-content\/uploads\/2018\/09\/DSC_9024-2-1024x641.png 1024w, http:\/\/ecophoto.cl\/wp-content\/uploads\/2018\/09\/DSC_9024-2-416x260.png 416w\" sizes=\"(max-width: 322px) 100vw, 322px\" \/><\/a><\/h1>\n<p style=\"text-align: center;\">Ecophoto no se hace responsable de da\u00f1os por mal uso de su veh\u00edculo y da\u00f1os en caso de accidente durante la actividad.<br \/>\nCada conductor es responsable de su veh\u00edculo durante la actividad.<\/p>\n<p style=\"text-align: center;\">El itinerario puede variar y verse modificado debido a:<\/p>\n<p style=\"text-align: center;\">&#8211; Malas condiciones del camino.<br \/>\n&#8211; Condiciones meteorol\u00f3gicas adversas.<br \/>\n&#8211; En caso, de alg\u00fan pasajero, que sufra un accidente o tenga problemas de salud.<\/p>\n<p><a href=\"http:\/\/ecophoto.cl\/wp-content\/uploads\/2018\/12\/Sin-ti\u0301tulo-1.jpg\"><img loading=\"lazy\" class=\" wp-image-1343 aligncenter\" src=\"http:\/\/ecophoto.cl\/wp-content\/uploads\/2018\/12\/Sin-ti\u0301tulo-1.jpg\" alt=\"\" width=\"1151\" height=\"261\" \/> <\/a><\/p>\n<p style=\"text-align: center;\">Si tienes dudas o consultas, puedes contactarnos por el siguiente formulario:<\/p>\n<p style=\"text-align: center;\"><div role=\"form\" class=\"wpcf7\" id=\"wpcf7-f962-o1\" lang=\"es-ES\" dir=\"ltr\">\n<div class=\"screen-reader-response\"><p role=\"status\" aria-live=\"polite\" aria-atomic=\"true\"><\/p> <ul><\/ul><\/div>\n<form action=\"\/index.php?rest_route=%2Ftribe%2Fevents%2Fv1%2Fevents%2F1347#wpcf7-f962-o1\" method=\"post\" class=\"wpcf7-form init\" novalidate=\"novalidate\" data-status=\"init\">\n<div style=\"display: none;\">\n<input type=\"hidden\" name=\"_wpcf7\" value=\"962\" \/>\n<input type=\"hidden\" name=\"_wpcf7_version\" value=\"5.5.6\" \/>\n<input type=\"hidden\" name=\"_wpcf7_locale\" value=\"es_ES\" \/>\n<input type=\"hidden\" name=\"_wpcf7_unit_tag\" value=\"wpcf7-f962-o1\" \/>\n<input type=\"hidden\" name=\"_wpcf7_container_post\" value=\"0\" \/>\n<input type=\"hidden\" name=\"_wpcf7_posted_data_hash\" value=\"\" \/>\n<\/div>\n<p><label> Tu nombre (requerido)<br \/>\n    <span class=\"wpcf7-form-control-wrap your-name\"><input type=\"text\" name=\"your-name\" value=\"\" size=\"40\" class=\"wpcf7-form-control wpcf7-text wpcf7-validates-as-required\" aria-required=\"true\" aria-invalid=\"false\" \/><\/span> <\/label><\/p>\n<p><label> Tu correo electr\u00f3nico (requerido)<br \/>\n    <span class=\"wpcf7-form-control-wrap your-email\"><input type=\"email\" name=\"your-email\" value=\"\" size=\"40\" class=\"wpcf7-form-control wpcf7-text wpcf7-email wpcf7-validates-as-required wpcf7-validates-as-email\" aria-required=\"true\" aria-invalid=\"false\" \/><\/span> <\/label><\/p>\n<p><label> Asunto<br \/>\n    <span class=\"wpcf7-form-control-wrap your-subject\"><input type=\"text\" name=\"your-subject\" value=\"\" size=\"40\" class=\"wpcf7-form-control wpcf7-text\" aria-invalid=\"false\" \/><\/span> <\/label><\/p>\n<p><label> Tu mensaje<br \/>\n    <span class=\"wpcf7-form-control-wrap your-message\"><textarea name=\"your-message\" cols=\"40\" rows=\"10\" class=\"wpcf7-form-control wpcf7-textarea\" aria-invalid=\"false\"><\/textarea><\/span> <\/label><\/p>\n<p><input type=\"submit\" value=\"Enviar\" class=\"wpcf7-form-control has-spinner wpcf7-submit\" \/><\/p>\n<div class=\"wpcf7-response-output\" aria-hidden=\"true\"><\/div><\/form><\/div><\/p>\n<p>Bit\u00e1cora de viaje Ruta Pehu\u00e9n de 11, 12 y 13 de Enero.<\/p>\n<div style=\"width:100%\"><div class=\"wd_error\"><p><strong>No hay una galer\u00eda seleccionada o la galer\u00eda se ha eliminado.<\/strong><\/p><\/div><\/div>","excerpt":"","slug":"overland-fotografico-ruta-pehuen","image":{"url":"http:\/\/ecophoto.cl\/wp-content\/uploads\/2018\/12\/1-2.jpg","id":1370,"extension":"jpg","width":857,"height":1200,"sizes":{"woocommerce_thumbnail":{"width":300,"height":375,"mime-type":"image\/jpeg","uncropped":false,"url":"http:\/\/ecophoto.cl\/wp-content\/uploads\/2018\/12\/1-2-300x375.jpg"},"woocommerce_gallery_thumbnail":{"width":100,"height":100,"mime-type":"image\/jpeg","url":"http:\/\/ecophoto.cl\/wp-content\/uploads\/2018\/12\/1-2-100x100.jpg"},"woocommerce_single":{"width":600,"height":840,"mime-type":"image\/jpeg","url":"http:\/\/ecophoto.cl\/wp-content\/uploads\/2018\/12\/1-2-600x840.jpg"}}},"all_day":false,"start_date":"2019-05-02 08:00:00","start_date_details":{"year":"2019","month":"05","day":"02","hour":"08","minutes":"00","seconds":"00"},"end_date":"2019-05-05 17:00:00","end_date_details":{"year":"2019","month":"05","day":"05","hour":"17","minutes":"00","seconds":"00"},"utc_start_date":"2019-05-02 08:00:00","utc_start_date_details":{"year":"2019","month":"05","day":"02","hour":"08","minutes":"00","seconds":"00"},"utc_end_date":"2019-05-05 17:00:00","utc_end_date_details":{"year":"2019","month":"05","day":"05","hour":"17","minutes":"00","seconds":"00"},"timezone":"UTC+0","timezone_abbr":"UTC+0","cost":"","cost_details":{"currency_symbol":"","currency_code":"","currency_position":"prefix","values":[]},"website":"http:\/\/ecophoto.cl\/?page_id=1212","show_map":false,"show_map_link":false,"hide_from_listings":false,"sticky":false,"featured":false,"categories":[],"tags":[],"venue":{"id":1349,"author":"2","status":"publish","date":"2018-12-09 14:50:37","date_utc":"2018-12-09 14:50:37","modified":"2018-12-09 14:50:37","modified_utc":"2018-12-09 14:50:37","url":"http:\/\/ecophoto.cl\/?tribe_venue=araucania","venue":"Araucania","slug":"araucania","country":"Chile","province":"Temuco","phone":"+569 89994942","website":"http:\/\/ecophoto.cl\/?page_id=1212","stateprovince":"Temuco","json_ld":{"@type":"Place","name":"Araucania","description":"","url":"","address":{"@type":"PostalAddress","addressRegion":"Temuco","addressCountry":"Chile"},"telephone":"+569 89994942","sameAs":"http:\/\/ecophoto.cl\/?page_id=1212"},"show_map":true,"show_map_link":true,"global_id":"ecophoto.cl?id=1349","global_id_lineage":["ecophoto.cl?id=1349"]},"organizer":[{"id":1310,"author":"2","status":"publish","date":"2018-11-22 17:25:58","date_utc":"2018-11-22 17:25:58","modified":"2018-11-22 17:25:58","modified_utc":"2018-11-22 17:25:58","url":"http:\/\/ecophoto.cl\/?tribe_organizer=ecophoto","organizer":"Ecophoto","slug":"ecophoto","phone":"+56989994942","website":"www.Ecophoto.cl","email":"Contacto@Ecophoto.cl","json_ld":{"@type":"Person","name":"Ecophoto","description":"","url":"http:\/\/www.Ecophoto.cl","telephone":"+56989994942","email":"&#67;&#111;&#110;&#116;a&#99;&#116;o&#64;&#69;c&#111;&#112;&#104;&#111;&#116;&#111;&#46;&#99;l","sameAs":"http:\/\/www.Ecophoto.cl"},"global_id":"ecophoto.cl?id=1310","global_id_lineage":["ecophoto.cl?id=1310"]}],"json_ld":{"@context":"http:\/\/schema.org","@type":"Event","name":"Overland fotogr\u00e1fico, Ruta Pehu\u00e9n Oto\u00f1al","description":"&lt;p&gt;Estimados amigos de Ecophoto, tenemos el agrado de invitarlos a participar en el Overland fotogr\u00e1fico, Ruta Pehu\u00e9n Oto\u00f1al 2019 Realizaremos una fascinante traves\u00eda en veh\u00edculo 4\u00d74, comenzando desde la localidad de Temuco, regi\u00f3n de la Araucan\u00eda y recorriendo gran parte del coraz\u00f3n de la Araucan\u00eda &hellip; &lt;\/p&gt;\\n","image":"http:\/\/ecophoto.cl\/wp-content\/uploads\/2018\/12\/1-2.jpg","url":"http:\/\/ecophoto.cl\/?tribe_events=overland-fotografico-ruta-pehuen","eventAttendanceMode":"https:\/\/schema.org\/OfflineEventAttendanceMode","eventStatus":"https:\/\/schema.org\/EventScheduled","startDate":"2019-05-02T08:00:00+00:00","endDate":"2019-05-05T17:00:00+00:00","location":{"@type":"Place","name":"Araucania","description":"","url":"","address":{"@type":"PostalAddress","addressRegion":"Temuco","addressCountry":"Chile"},"telephone":"+569 89994942","sameAs":"http:\/\/ecophoto.cl\/?page_id=1212"},"organizer":{"@type":"Person","name":"Ecophoto","description":"","url":"http:\/\/www.Ecophoto.cl","telephone":"+56989994942","email":"&#67;o&#110;t&#97;cto&#64;E&#99;o&#112;h&#111;&#116;&#111;&#46;&#99;&#108;","sameAs":"http:\/\/www.Ecophoto.cl"},"performer":"Organization"}}